{"id":843,"date":"2024-03-18T10:39:11","date_gmt":"2024-03-18T09:39:11","guid":{"rendered":"https:\/\/www.kamilakotouckova.cz\/jsem-dostatecne-psycho-2\/"},"modified":"2024-03-18T12:08:45","modified_gmt":"2024-03-18T11:08:45","slug":"jsem-dostatecne-psycho","status":"publish","type":"post","link":"https:\/\/www.kamilakotouckova.cz\/en\/jsem-dostatecne-psycho\/","title":{"rendered":"Am I psycho enough?"},"content":{"rendered":"\n<p>I&#8217;ll tell you what\u2019s going on. And you tell me what you think.<\/p>\n\n\n\n<p>\ud83d\udc69\u200d\ud83c\udf93 <\/p>\n\n\n\n<p class=\"has-text-align-left\">I studied economics and administration. With my finger up my nose, because what has logic and order, I understand, what I understand, I can learn. I may never have been enthusiastic about it, but I enjoyed accounting and microeconomics and economics, as long as it wasn&#8217;t economy. Economics and economy are two different things. Don&#8217;t ask me the difference, I just remember the feeling.<\/p>\n\n\n<div class=\"wp-block-image\">\n<figure class=\"aligncenter size-large\"><img decoding=\"async\" src=\"https:\/\/www.kamilakotouckova.cz\/wp-content\/uploads\/2023\/11\/MG_4775-scaled-e1710755028120-873x1024.jpg\" alt=\"\" class=\"wp-image-725\"\/><\/figure><\/div>\n\n\n<p>I worked in project management for 8 years, on the soft projects, not the engineering and construction ones. I loved it. Setting up a system, working in that system, tinkering with the details and then communicating it in different ways, that&#8217;s where I&#8217;m at home.<\/p>\n\n\n\n<p>\ud83c\udf31 <\/p>\n\n\n\n<p>But in the meantime, I got even more excited about personal development.&nbsp;<\/p>\n\n\n\n<p>Partner communication. Nonviolent communication. At first I wanted to fix my partners before I understood that it&#8217;s about self-connection, recognizing of my own feelings and needs, and honest self-expression. Not about fixing people.&nbsp;<\/p>\n\n\n\n<p>Then educational projects. Dialogue, respect, listening, responsibility. It took me about a year to fully understand what it was all about (if I can even say that).<\/p>\n\n\n\n<p>Then Vedic meditation, yoga and a bit of spirituality.&nbsp;<\/p>\n\n\n\n<p>And then it was on. Personal development turned into professional development. A coaching training. Another coaching training. Positive intelligence. Psychotherapy training. It took a couple of years and now here I am.<\/p>\n\n\n\n<p>\ud83d\udecb\ufe0f <\/p>\n\n\n\n<p>I&#8217;M A COACH, not a couch. And A THERAPIST launching my practice. From the nature of all the feedback and reflection, quite promising, I&#8217;d say.&nbsp;<\/p>\n\n\n\n<p>But I am NOT a PSYCHOTHERAPIST. I don&#8217;t have a degree in psychology.<\/p>\n\n\n\n<p>A no-go for some. For another, systemic nonsense. For others, nice to have, but one can be a solid therapist without psychology. Not the &#8220;but it helps clients&#8221; kind. But the &#8220;I know what I&#8217;m doing, I&#8217;m doing it based on training and ethics and under supervision and continuing education with humility and respect for the craft, the clients and the professional community&#8221; kind.&nbsp;<\/p>\n\n\n\n<p>I have no doubt that I am and will be a solid therapist without &#8220;psycho&#8221;. Because of my humility and respect. And because the addiction to perpetual growth will never let me out of this constant &#8220;improving myself&#8221;. I enjoy it.&nbsp;<\/p>\n\n\n\n<p>\ud83e\udd84 <\/p>\n\n\n\n<p>What I don&#8217;t enjoy is having to constantly explain and defend why I&#8217;m a unicorn outside the system. Well, I am. Unfortunately, not everyone who&#8217;s 18 and deciding what to do next knows without a doubt that they&#8217;re going to be a baker (It&#8217;s a well-known and widely spread Czech saying).<\/p>\n\n\n\n<p>It wasn&#8217;t until I was in the sauna on Thursday that it dawned on me that I could actually finish my formal education in the humanities, to have a university degree in the humanities, which is required (for now) to practice psychotherapy.<\/p>\n\n\n\n<p>WOW!<\/p>\n\n\n\n<p>\ud83d\udcda <\/p>\n\n\n\n<p>So. Do I go back to university at the age of 34? Does that mean that I will have to be in Prague at least once every two weeks? Will I have to borrow money from my dad because I don&#8217;t have the money for another load of education right now? Because a) I&#8217;m not a marketer (yet) and I haven&#8217;t managed to sell myself enough to my private clients. Because b) I didn&#8217;t get the psychotherapy job I wanted because I don&#8217;t have a university degree in humanities. Which came first, the chicken or the egg?<\/p>\n\n\n\n<p>\ud83d\udd2e <\/p>\n\n\n\n<p>And how does this fit into my long-term vision? How does it fit with the fact that I&#8217;m temporarily in the Czech Republic and want to get back to Barcelona as soon as possible?&nbsp;<\/p>\n\n\n\n<p>\ud83c\udf0d <\/p>\n\n\n\n<p>How does it fit with the fact that after years of traveling, moving, and searching, I finally know that I want to live in the &#8220;land of the eternal sun,&#8221; by the waves of the sea, to the rhythm of salsa and the sound of Spanish? By the way, I&#8217;ve been doing pretty well with Spanish this year, I&#8217;m proud of myself.<\/p>\n\n\n\n<p>So tell me.<\/p>\n\n\n\n<p>\u2049\ufe0f <\/p>\n\n\n\n<p>How important is formal education to you besides practical training? Does it have to be? Should it be? Or is it not needed?&nbsp;<\/p>\n\n\n\n<p>And most importantly. Should Kamila go for it?<\/p>\n","protected":false},"excerpt":{"rendered":"<p>I&#8217;ll tell you what\u2019s going on. And you tell me what you think. I studied economics, with my finger up my nose. But in the meantime, I\u2019ve become passionate about personal development. Unfortunately, not everyone who&#8217;s 18 and deciding what to do next knows without a doubt that they&#8217;re going to be a baker. <\/p>\n","protected":false},"author":2,"featured_media":724,"comment_status":"open","ping_status":"open","sticky":false,"template":"","format":"standard","meta":{"_acf_changed":false,"inline_featured_image":false,"footnotes":""},"categories":[20],"tags":[],"acf":[],"yoast_head":"<!-- This site is optimized with the Yoast SEO plugin v22.8 - https:\/\/yoast.com\/wordpress\/plugins\/seo\/ -->\n<title>Am I psycho enough? - Kamila Kotou\u010dkov\u00e1<\/title>\n<meta name=\"description\" content=\"J\u00e1 ti pov\u00edm, jak to m\u00e1m. A ty mi \u0159ekni, co si mysl\u00ed\u0161. Vystudovala jsem ekonomku. S prstem v nose. Jen\u017ee v mezi\u010dase m\u011b nadchl osobn\u00ed rozvoj.\u00a0Holt ne pro ka\u017ed\u00e9ho, kdo se v 18 rozhoduje, co bude d\u00e1l d\u011blat, je peka\u0159ina jasn\u00e1 volba. Tak\u017ee ve 34 znovu vej\u0161ka? A jak to nased\u00e1 na mou dlouhodobou vizi?\" \/>\n<meta name=\"robots\" content=\"index, follow, max-snippet:-1, max-image-preview:large, max-video-preview:-1\" \/>\n<link rel=\"canonical\" href=\"https:\/\/www.kamilakotouckova.cz\/en\/jsem-dostatecne-psycho\/\" \/>\n<meta property=\"og:locale\" content=\"en_US\" \/>\n<meta property=\"og:type\" content=\"article\" \/>\n<meta property=\"og:title\" content=\"Am I psycho enough? - Kamila Kotou\u010dkov\u00e1\" \/>\n<meta property=\"og:description\" content=\"J\u00e1 ti pov\u00edm, jak to m\u00e1m. A ty mi \u0159ekni, co si mysl\u00ed\u0161. Vystudovala jsem ekonomku. S prstem v nose. Jen\u017ee v mezi\u010dase m\u011b nadchl osobn\u00ed rozvoj.\u00a0Holt ne pro ka\u017ed\u00e9ho, kdo se v 18 rozhoduje, co bude d\u00e1l d\u011blat, je peka\u0159ina jasn\u00e1 volba. Tak\u017ee ve 34 znovu vej\u0161ka? A jak to nased\u00e1 na mou dlouhodobou vizi?\" \/>\n<meta property=\"og:url\" content=\"https:\/\/www.kamilakotouckova.cz\/en\/jsem-dostatecne-psycho\/\" \/>\n<meta property=\"og:site_name\" content=\"Kamila Kotou\u010dkov\u00e1\" \/>\n<meta property=\"article:published_time\" content=\"2024-03-18T09:39:11+00:00\" \/>\n<meta property=\"article:modified_time\" content=\"2024-03-18T11:08:45+00:00\" \/>\n<meta property=\"og:image\" content=\"https:\/\/www.kamilakotouckova.cz\/wp-content\/uploads\/2023\/11\/MG_4775-scaled.jpg\" \/>\n\t<meta property=\"og:image:width\" content=\"1707\" \/>\n\t<meta property=\"og:image:height\" content=\"2560\" \/>\n\t<meta property=\"og:image:type\" content=\"image\/jpeg\" \/>\n<meta name=\"author\" content=\"Kamila Kotou\u010dkov\u00e1\" \/>\n<meta name=\"twitter:card\" content=\"summary_large_image\" \/>\n<meta name=\"twitter:label1\" content=\"Written by\" \/>\n\t<meta name=\"twitter:data1\" content=\"Kamila Kotou\u010dkov\u00e1\" \/>\n\t<meta name=\"twitter:label2\" content=\"Est. reading time\" \/>\n\t<meta name=\"twitter:data2\" content=\"5 minutes\" \/>\n<script type=\"application\/ld+json\" class=\"yoast-schema-graph\">{\"@context\":\"https:\/\/schema.org\",\"@graph\":[{\"@type\":\"Article\",\"@id\":\"https:\/\/www.kamilakotouckova.cz\/en\/jsem-dostatecne-psycho\/#article\",\"isPartOf\":{\"@id\":\"https:\/\/www.kamilakotouckova.cz\/en\/jsem-dostatecne-psycho\/\"},\"author\":{\"name\":\"Kamila Kotou\u010dkov\u00e1\",\"@id\":\"https:\/\/www.kamilakotouckova.cz\/en\/#\/schema\/person\/5b6cbaa4e25e0b4c41ca0507fb513ddd\"},\"headline\":\"Am I psycho enough?\",\"datePublished\":\"2024-03-18T09:39:11+00:00\",\"dateModified\":\"2024-03-18T11:08:45+00:00\",\"mainEntityOfPage\":{\"@id\":\"https:\/\/www.kamilakotouckova.cz\/en\/jsem-dostatecne-psycho\/\"},\"wordCount\":734,\"commentCount\":0,\"publisher\":{\"@id\":\"https:\/\/www.kamilakotouckova.cz\/en\/#organization\"},\"image\":{\"@id\":\"https:\/\/www.kamilakotouckova.cz\/en\/jsem-dostatecne-psycho\/#primaryimage\"},\"thumbnailUrl\":\"https:\/\/www.kamilakotouckova.cz\/wp-content\/uploads\/2023\/11\/MG_4775-scaled.jpg\",\"articleSection\":[\"Blog\"],\"inLanguage\":\"en-US\",\"potentialAction\":[{\"@type\":\"CommentAction\",\"name\":\"Comment\",\"target\":[\"https:\/\/www.kamilakotouckova.cz\/en\/jsem-dostatecne-psycho\/#respond\"]}]},{\"@type\":\"WebPage\",\"@id\":\"https:\/\/www.kamilakotouckova.cz\/en\/jsem-dostatecne-psycho\/\",\"url\":\"https:\/\/www.kamilakotouckova.cz\/en\/jsem-dostatecne-psycho\/\",\"name\":\"Am I psycho enough? - Kamila Kotou\u010dkov\u00e1\",\"isPartOf\":{\"@id\":\"https:\/\/www.kamilakotouckova.cz\/en\/#website\"},\"primaryImageOfPage\":{\"@id\":\"https:\/\/www.kamilakotouckova.cz\/en\/jsem-dostatecne-psycho\/#primaryimage\"},\"image\":{\"@id\":\"https:\/\/www.kamilakotouckova.cz\/en\/jsem-dostatecne-psycho\/#primaryimage\"},\"thumbnailUrl\":\"https:\/\/www.kamilakotouckova.cz\/wp-content\/uploads\/2023\/11\/MG_4775-scaled.jpg\",\"datePublished\":\"2024-03-18T09:39:11+00:00\",\"dateModified\":\"2024-03-18T11:08:45+00:00\",\"description\":\"J\u00e1 ti pov\u00edm, jak to m\u00e1m. A ty mi \u0159ekni, co si mysl\u00ed\u0161. Vystudovala jsem ekonomku. S prstem v nose. Jen\u017ee v mezi\u010dase m\u011b nadchl osobn\u00ed rozvoj.\u00a0Holt ne pro ka\u017ed\u00e9ho, kdo se v 18 rozhoduje, co bude d\u00e1l d\u011blat, je peka\u0159ina jasn\u00e1 volba. Tak\u017ee ve 34 znovu vej\u0161ka? A jak to nased\u00e1 na mou dlouhodobou vizi?\",\"breadcrumb\":{\"@id\":\"https:\/\/www.kamilakotouckova.cz\/en\/jsem-dostatecne-psycho\/#breadcrumb\"},\"inLanguage\":\"en-US\",\"potentialAction\":[{\"@type\":\"ReadAction\",\"target\":[\"https:\/\/www.kamilakotouckova.cz\/en\/jsem-dostatecne-psycho\/\"]}]},{\"@type\":\"ImageObject\",\"inLanguage\":\"en-US\",\"@id\":\"https:\/\/www.kamilakotouckova.cz\/en\/jsem-dostatecne-psycho\/#primaryimage\",\"url\":\"https:\/\/www.kamilakotouckova.cz\/wp-content\/uploads\/2023\/11\/MG_4775-scaled.jpg\",\"contentUrl\":\"https:\/\/www.kamilakotouckova.cz\/wp-content\/uploads\/2023\/11\/MG_4775-scaled.jpg\",\"width\":1707,\"height\":2560},{\"@type\":\"BreadcrumbList\",\"@id\":\"https:\/\/www.kamilakotouckova.cz\/en\/jsem-dostatecne-psycho\/#breadcrumb\",\"itemListElement\":[{\"@type\":\"ListItem\",\"position\":1,\"name\":\"Home\",\"item\":\"https:\/\/www.kamilakotouckova.cz\/en\/\"},{\"@type\":\"ListItem\",\"position\":2,\"name\":\"Blog\",\"item\":\"https:\/\/www.kamilakotouckova.cz\/en\/category\/blog\/\"},{\"@type\":\"ListItem\",\"position\":3,\"name\":\"Am I psycho enough?\"}]},{\"@type\":\"WebSite\",\"@id\":\"https:\/\/www.kamilakotouckova.cz\/en\/#website\",\"url\":\"https:\/\/www.kamilakotouckova.cz\/en\/\",\"name\":\"Kamila Kotou\u010dkov\u00e1\",\"description\":\"Life coach &amp; therapist\",\"publisher\":{\"@id\":\"https:\/\/www.kamilakotouckova.cz\/en\/#organization\"},\"potentialAction\":[{\"@type\":\"SearchAction\",\"target\":{\"@type\":\"EntryPoint\",\"urlTemplate\":\"https:\/\/www.kamilakotouckova.cz\/en\/?s={search_term_string}\"},\"query-input\":\"required name=search_term_string\"}],\"inLanguage\":\"en-US\"},{\"@type\":\"Organization\",\"@id\":\"https:\/\/www.kamilakotouckova.cz\/en\/#organization\",\"name\":\"Kamila Kotou\u010dkov\u00e1\",\"url\":\"https:\/\/www.kamilakotouckova.cz\/en\/\",\"logo\":{\"@type\":\"ImageObject\",\"inLanguage\":\"en-US\",\"@id\":\"https:\/\/www.kamilakotouckova.cz\/en\/#\/schema\/logo\/image\/\",\"url\":\"\",\"contentUrl\":\"\",\"caption\":\"Kamila Kotou\u010dkov\u00e1\"},\"image\":{\"@id\":\"https:\/\/www.kamilakotouckova.cz\/en\/#\/schema\/logo\/image\/\"},\"sameAs\":[\"https:\/\/www.instagram.com\/koto.kamila\/\"]},{\"@type\":\"Person\",\"@id\":\"https:\/\/www.kamilakotouckova.cz\/en\/#\/schema\/person\/5b6cbaa4e25e0b4c41ca0507fb513ddd\",\"name\":\"Kamila Kotou\u010dkov\u00e1\",\"image\":{\"@type\":\"ImageObject\",\"inLanguage\":\"en-US\",\"@id\":\"https:\/\/www.kamilakotouckova.cz\/en\/#\/schema\/person\/image\/\",\"url\":\"https:\/\/secure.gravatar.com\/avatar\/7c97d5d46be243582748b58043707c2d?s=96&d=mm&r=g\",\"contentUrl\":\"https:\/\/secure.gravatar.com\/avatar\/7c97d5d46be243582748b58043707c2d?s=96&d=mm&r=g\",\"caption\":\"Kamila Kotou\u010dkov\u00e1\"},\"url\":\"https:\/\/www.kamilakotouckova.cz\/en\/author\/koto-kamilagmail-com\/\"}]}<\/script>\n<!-- \/ Yoast SEO plugin. -->","yoast_head_json":{"title":"Am I psycho enough? - Kamila Kotou\u010dkov\u00e1","description":"J\u00e1 ti pov\u00edm, jak to m\u00e1m. A ty mi \u0159ekni, co si mysl\u00ed\u0161. Vystudovala jsem ekonomku. S prstem v nose. Jen\u017ee v mezi\u010dase m\u011b nadchl osobn\u00ed rozvoj.\u00a0Holt ne pro ka\u017ed\u00e9ho, kdo se v 18 rozhoduje, co bude d\u00e1l d\u011blat, je peka\u0159ina jasn\u00e1 volba. Tak\u017ee ve 34 znovu vej\u0161ka? A jak to nased\u00e1 na mou dlouhodobou vizi?","robots":{"index":"index","follow":"follow","max-snippet":"max-snippet:-1","max-image-preview":"max-image-preview:large","max-video-preview":"max-video-preview:-1"},"canonical":"https:\/\/www.kamilakotouckova.cz\/en\/jsem-dostatecne-psycho\/","og_locale":"en_US","og_type":"article","og_title":"Am I psycho enough? - Kamila Kotou\u010dkov\u00e1","og_description":"J\u00e1 ti pov\u00edm, jak to m\u00e1m. A ty mi \u0159ekni, co si mysl\u00ed\u0161. Vystudovala jsem ekonomku. S prstem v nose. Jen\u017ee v mezi\u010dase m\u011b nadchl osobn\u00ed rozvoj.\u00a0Holt ne pro ka\u017ed\u00e9ho, kdo se v 18 rozhoduje, co bude d\u00e1l d\u011blat, je peka\u0159ina jasn\u00e1 volba. Tak\u017ee ve 34 znovu vej\u0161ka? A jak to nased\u00e1 na mou dlouhodobou vizi?","og_url":"https:\/\/www.kamilakotouckova.cz\/en\/jsem-dostatecne-psycho\/","og_site_name":"Kamila Kotou\u010dkov\u00e1","article_published_time":"2024-03-18T09:39:11+00:00","article_modified_time":"2024-03-18T11:08:45+00:00","og_image":[{"width":1707,"height":2560,"url":"https:\/\/www.kamilakotouckova.cz\/wp-content\/uploads\/2023\/11\/MG_4775-scaled.jpg","type":"image\/jpeg"}],"author":"Kamila Kotou\u010dkov\u00e1","twitter_card":"summary_large_image","twitter_misc":{"Written by":"Kamila Kotou\u010dkov\u00e1","Est. reading time":"5 minutes"},"schema":{"@context":"https:\/\/schema.org","@graph":[{"@type":"Article","@id":"https:\/\/www.kamilakotouckova.cz\/en\/jsem-dostatecne-psycho\/#article","isPartOf":{"@id":"https:\/\/www.kamilakotouckova.cz\/en\/jsem-dostatecne-psycho\/"},"author":{"name":"Kamila Kotou\u010dkov\u00e1","@id":"https:\/\/www.kamilakotouckova.cz\/en\/#\/schema\/person\/5b6cbaa4e25e0b4c41ca0507fb513ddd"},"headline":"Am I psycho enough?","datePublished":"2024-03-18T09:39:11+00:00","dateModified":"2024-03-18T11:08:45+00:00","mainEntityOfPage":{"@id":"https:\/\/www.kamilakotouckova.cz\/en\/jsem-dostatecne-psycho\/"},"wordCount":734,"commentCount":0,"publisher":{"@id":"https:\/\/www.kamilakotouckova.cz\/en\/#organization"},"image":{"@id":"https:\/\/www.kamilakotouckova.cz\/en\/jsem-dostatecne-psycho\/#primaryimage"},"thumbnailUrl":"https:\/\/www.kamilakotouckova.cz\/wp-content\/uploads\/2023\/11\/MG_4775-scaled.jpg","articleSection":["Blog"],"inLanguage":"en-US","potentialAction":[{"@type":"CommentAction","name":"Comment","target":["https:\/\/www.kamilakotouckova.cz\/en\/jsem-dostatecne-psycho\/#respond"]}]},{"@type":"WebPage","@id":"https:\/\/www.kamilakotouckova.cz\/en\/jsem-dostatecne-psycho\/","url":"https:\/\/www.kamilakotouckova.cz\/en\/jsem-dostatecne-psycho\/","name":"Am I psycho enough? - Kamila Kotou\u010dkov\u00e1","isPartOf":{"@id":"https:\/\/www.kamilakotouckova.cz\/en\/#website"},"primaryImageOfPage":{"@id":"https:\/\/www.kamilakotouckova.cz\/en\/jsem-dostatecne-psycho\/#primaryimage"},"image":{"@id":"https:\/\/www.kamilakotouckova.cz\/en\/jsem-dostatecne-psycho\/#primaryimage"},"thumbnailUrl":"https:\/\/www.kamilakotouckova.cz\/wp-content\/uploads\/2023\/11\/MG_4775-scaled.jpg","datePublished":"2024-03-18T09:39:11+00:00","dateModified":"2024-03-18T11:08:45+00:00","description":"J\u00e1 ti pov\u00edm, jak to m\u00e1m. A ty mi \u0159ekni, co si mysl\u00ed\u0161. Vystudovala jsem ekonomku. S prstem v nose. Jen\u017ee v mezi\u010dase m\u011b nadchl osobn\u00ed rozvoj.\u00a0Holt ne pro ka\u017ed\u00e9ho, kdo se v 18 rozhoduje, co bude d\u00e1l d\u011blat, je peka\u0159ina jasn\u00e1 volba. Tak\u017ee ve 34 znovu vej\u0161ka? A jak to nased\u00e1 na mou dlouhodobou vizi?","breadcrumb":{"@id":"https:\/\/www.kamilakotouckova.cz\/en\/jsem-dostatecne-psycho\/#breadcrumb"},"inLanguage":"en-US","potentialAction":[{"@type":"ReadAction","target":["https:\/\/www.kamilakotouckova.cz\/en\/jsem-dostatecne-psycho\/"]}]},{"@type":"ImageObject","inLanguage":"en-US","@id":"https:\/\/www.kamilakotouckova.cz\/en\/jsem-dostatecne-psycho\/#primaryimage","url":"https:\/\/www.kamilakotouckova.cz\/wp-content\/uploads\/2023\/11\/MG_4775-scaled.jpg","contentUrl":"https:\/\/www.kamilakotouckova.cz\/wp-content\/uploads\/2023\/11\/MG_4775-scaled.jpg","width":1707,"height":2560},{"@type":"BreadcrumbList","@id":"https:\/\/www.kamilakotouckova.cz\/en\/jsem-dostatecne-psycho\/#breadcrumb","itemListElement":[{"@type":"ListItem","position":1,"name":"Home","item":"https:\/\/www.kamilakotouckova.cz\/en\/"},{"@type":"ListItem","position":2,"name":"Blog","item":"https:\/\/www.kamilakotouckova.cz\/en\/category\/blog\/"},{"@type":"ListItem","position":3,"name":"Am I psycho enough?"}]},{"@type":"WebSite","@id":"https:\/\/www.kamilakotouckova.cz\/en\/#website","url":"https:\/\/www.kamilakotouckova.cz\/en\/","name":"Kamila Kotou\u010dkov\u00e1","description":"Life coach &amp; therapist","publisher":{"@id":"https:\/\/www.kamilakotouckova.cz\/en\/#organization"},"potentialAction":[{"@type":"SearchAction","target":{"@type":"EntryPoint","urlTemplate":"https:\/\/www.kamilakotouckova.cz\/en\/?s={search_term_string}"},"query-input":"required name=search_term_string"}],"inLanguage":"en-US"},{"@type":"Organization","@id":"https:\/\/www.kamilakotouckova.cz\/en\/#organization","name":"Kamila Kotou\u010dkov\u00e1","url":"https:\/\/www.kamilakotouckova.cz\/en\/","logo":{"@type":"ImageObject","inLanguage":"en-US","@id":"https:\/\/www.kamilakotouckova.cz\/en\/#\/schema\/logo\/image\/","url":"","contentUrl":"","caption":"Kamila Kotou\u010dkov\u00e1"},"image":{"@id":"https:\/\/www.kamilakotouckova.cz\/en\/#\/schema\/logo\/image\/"},"sameAs":["https:\/\/www.instagram.com\/koto.kamila\/"]},{"@type":"Person","@id":"https:\/\/www.kamilakotouckova.cz\/en\/#\/schema\/person\/5b6cbaa4e25e0b4c41ca0507fb513ddd","name":"Kamila Kotou\u010dkov\u00e1","image":{"@type":"ImageObject","inLanguage":"en-US","@id":"https:\/\/www.kamilakotouckova.cz\/en\/#\/schema\/person\/image\/","url":"https:\/\/secure.gravatar.com\/avatar\/7c97d5d46be243582748b58043707c2d?s=96&d=mm&r=g","contentUrl":"https:\/\/secure.gravatar.com\/avatar\/7c97d5d46be243582748b58043707c2d?s=96&d=mm&r=g","caption":"Kamila Kotou\u010dkov\u00e1"},"url":"https:\/\/www.kamilakotouckova.cz\/en\/author\/koto-kamilagmail-com\/"}]}},"_links":{"self":[{"href":"https:\/\/www.kamilakotouckova.cz\/en\/wp-json\/wp\/v2\/posts\/843"}],"collection":[{"href":"https:\/\/www.kamilakotouckova.cz\/en\/wp-json\/wp\/v2\/posts"}],"about":[{"href":"https:\/\/www.kamilakotouckova.cz\/en\/wp-json\/wp\/v2\/types\/post"}],"author":[{"embeddable":true,"href":"https:\/\/www.kamilakotouckova.cz\/en\/wp-json\/wp\/v2\/users\/2"}],"replies":[{"embeddable":true,"href":"https:\/\/www.kamilakotouckova.cz\/en\/wp-json\/wp\/v2\/comments?post=843"}],"version-history":[{"count":4,"href":"https:\/\/www.kamilakotouckova.cz\/en\/wp-json\/wp\/v2\/posts\/843\/revisions"}],"predecessor-version":[{"id":853,"href":"https:\/\/www.kamilakotouckova.cz\/en\/wp-json\/wp\/v2\/posts\/843\/revisions\/853"}],"wp:featuredmedia":[{"embeddable":true,"href":"https:\/\/www.kamilakotouckova.cz\/en\/wp-json\/wp\/v2\/media\/724"}],"wp:attachment":[{"href":"https:\/\/www.kamilakotouckova.cz\/en\/wp-json\/wp\/v2\/media?parent=843"}],"wp:term":[{"taxonomy":"category","embeddable":true,"href":"https:\/\/www.kamilakotouckova.cz\/en\/wp-json\/wp\/v2\/categories?post=843"},{"taxonomy":"post_tag","embeddable":true,"href":"https:\/\/www.kamilakotouckova.cz\/en\/wp-json\/wp\/v2\/tags?post=843"}],"curies":[{"name":"wp","href":"https:\/\/api.w.org\/{rel}","templated":true}]}}